{"id":1013,"date":"2023-09-11T13:40:28","date_gmt":"2023-09-11T12:40:28","guid":{"rendered":"http:\/\/wordpress.sventa-spring.de\/?p=1013"},"modified":"2023-09-11T13:40:28","modified_gmt":"2023-09-11T12:40:28","slug":"die-bilder-der-1-und-2-woche-sind-online","status":"publish","type":"post","link":"http:\/\/wordpress.sventa-spring.de\/?p=1013","title":{"rendered":"Die Bilder der 1. und 2. Woche sind online"},"content":{"rendered":"\n<p>Es hat etwas gedauert, aber nun sind die Bilder da \ud83d\ude42<\/p>\n\n\n\n<p>Leider liegen Freud und Leid oft sehr nahe beieinander, deswegen fiel es uns auch sehr schwer die ersten Tage der Welpenzeit richtig zu genie\u00dfen.<\/p>\n\n\n\n<p>Oma Lilu die von Mika von Anfang an bedingungslos akzeptiert wurde, obwohl Mika ja sonst bei ihrer Familie in Zwickau lebt, und die Geburt ohne Aggressionen begleiten durfte, ist 3 Tage nach der Geburt ihrer ersten Enkel \u00fcber die Regenbr\u00fccke gegangen.<\/p>\n\n\n\n<p>Nach schwerer Infektion und allen Ma\u00dfnahmen die mir m\u00f6glich waren, habe ich es nicht geschafft, diese fiese Krankheit in den Griff zu bekommen und musste sie am Freitag Abend schweren Herzens in unseren Armen gehen lassen. Sie hinterl\u00e4sst eine Riesenl\u00fccke, unsere Dauergrinsemaus, und jeder Tag ohne sie ist schmerzlich und von Erinnerungen an sie erf\u00fcllt.<\/p>\n\n\n\n<p>Wir lenken uns so gut es geht mit ihren Enkeln ab und hoffen, dass sie ein klein wenig von sich selbst bei ihren Enkeln hinterlassen hat und eines ihrer Enkel die L\u00fccke f\u00fcllen kann.<\/p>\n\n\n\n<p>Ihrer andere Tochter &#8222;Everlasting Love of Sventa Spring&#8220; hat in der Zuchtst\u00e4tte Golden North Points in der Nacht vom 01.09. auf den 02.09. 12 weiteren Enkelkindern das Leben geschenkt und auch deren Entwicklung verfolgen wir gespannt.<\/p>\n\n\n\n<figure class=\"wp-block-image\"><img loading=\"lazy\" decoding=\"async\" width=\"1024\" height=\"680\" src=\"http:\/\/wordpress.sventa-spring.de\/wp-content\/uploads\/2023\/09\/DSC06660-1024x680.jpg\" alt=\"\" class=\"wp-image-1014\" srcset=\"http:\/\/wordpress.sventa-spring.de\/wp-content\/uploads\/2023\/09\/DSC06660-1024x680.jpg 1024w, http:\/\/wordpress.sventa-spring.de\/wp-content\/uploads\/2023\/09\/DSC06660-300x199.jpg 300w, http:\/\/wordpress.sventa-spring.de\/wp-content\/uploads\/2023\/09\/DSC06660-768x510.jpg 768w, http:\/\/wordpress.sventa-spring.de\/wp-content\/uploads\/2023\/09\/DSC06660-572x380.jpg 572w\" sizes=\"auto, (max-width: 1024px) 100vw, 1024px\" \/><figcaption>Lilu mit ihrem 2. Wurf<\/figcaption><\/figure>\n","protected":false},"excerpt":{"rendered":"<p>Es hat etwas gedauert, aber nun sind die Bilder da \ud83d\ude42 Leider liegen Freud und Leid oft sehr nahe beieinander, deswegen fiel es uns auch sehr schwer die ersten Tage der Welpenzeit richtig zu genie\u00dfen. Oma Lilu die von Mika von Anfang an bedingungslos akzeptiert wurde, obwohl Mika ja sonst bei ihrer Familie in Zwickau &hellip; <a href=\"http:\/\/wordpress.sventa-spring.de\/?p=1013\" class=\"more-link\">Weiterlesen <span class=\"screen-reader-text\">Die Bilder der 1. und 2. Woche sind online<\/span><\/a><\/p>\n","protected":false},"author":2,"featured_media":0,"comment_status":"closed","ping_status":"open","sticky":false,"template":"","format":"standard","meta":{"footnotes":""},"categories":[1],"tags":[],"class_list":["post-1013","post","type-post","status-publish","format-standard","hentry","category-uncategorized","without-featured-image"],"_links":{"self":[{"href":"http:\/\/wordpress.sventa-spring.de\/index.php?rest_route=\/wp\/v2\/posts\/1013","targetHints":{"allow":["GET"]}}],"collection":[{"href":"http:\/\/wordpress.sventa-spring.de\/index.php?rest_route=\/wp\/v2\/posts"}],"about":[{"href":"http:\/\/wordpress.sventa-spring.de\/index.php?rest_route=\/wp\/v2\/types\/post"}],"author":[{"embeddable":true,"href":"http:\/\/wordpress.sventa-spring.de\/index.php?rest_route=\/wp\/v2\/users\/2"}],"replies":[{"embeddable":true,"href":"http:\/\/wordpress.sventa-spring.de\/index.php?rest_route=%2Fwp%2Fv2%2Fcomments&post=1013"}],"version-history":[{"count":1,"href":"http:\/\/wordpress.sventa-spring.de\/index.php?rest_route=\/wp\/v2\/posts\/1013\/revisions"}],"predecessor-version":[{"id":1015,"href":"http:\/\/wordpress.sventa-spring.de\/index.php?rest_route=\/wp\/v2\/posts\/1013\/revisions\/1015"}],"wp:attachment":[{"href":"http:\/\/wordpress.sventa-spring.de\/index.php?rest_route=%2Fwp%2Fv2%2Fmedia&parent=1013"}],"wp:term":[{"taxonomy":"category","embeddable":true,"href":"http:\/\/wordpress.sventa-spring.de\/index.php?rest_route=%2Fwp%2Fv2%2Fcategories&post=1013"},{"taxonomy":"post_tag","embeddable":true,"href":"http:\/\/wordpress.sventa-spring.de\/index.php?rest_route=%2Fwp%2Fv2%2Ftags&post=1013"}],"curies":[{"name":"wp","href":"https:\/\/api.w.org\/{rel}","templated":true}]}}